{"id":12345,"date":"2017-12-07T08:56:53","date_gmt":"2017-12-07T08:56:53","guid":{"rendered":"http:\/\/dolphinx.eu\/test\/dpo1\/?p=12345"},"modified":"2017-12-07T09:09:34","modified_gmt":"2017-12-07T09:09:34","slug":"gdpr-hogyan-induljunk-el-es-mit-lepjunk-meg-majusi-hataridoig","status":"publish","type":"post","link":"https:\/\/gdprszakerto.hu\/index.php\/gdpr-hogyan-induljunk-el-es-mit-lepjunk-meg-majusi-hataridoig\/","title":{"rendered":"GDPR: Hogyan induljunk el, \u00e9s mit l\u00e9pj\u00fcnk meg a m\u00e1jusi hat\u00e1rid\u0151ig?"},"content":{"rendered":"<p><b>M\u00e1r csak alig f\u00e9l \u00e9ve maradt a v\u00e1llalakoz\u00e1soknak a felk\u00e9sz\u00fcl\u00e9sre, miel\u0151tt m\u00e1r \u00e9lesben is alkalmazni kell az uni\u00f3s adatv\u00e9delmi ir\u00e1nyelvet (GDPR). M\u00e9g most sincs k\u00e9s\u0151 neki\u00e1llni a felk\u00e9sz\u00fcl\u00e9snek, szak\u00e9rt\u0151nk seg\u00edts\u00e9g\u00e9vel bemutatjuk, hogy milyen l\u00e9p\u00e9seket kell megtennie annak, aki nem akar milli\u00e1rdos b\u00edrs\u00e1got kock\u00e1ztatni!<\/b><\/p>\n<div class=\"banner\" align=\"center\"><\/div>\n<div class=\"text-banner banner\" align=\"center\">\n<div class=\"clr\"><\/div>\n<\/div>\n<p>M\u00e1r t<a href=\"http:\/\/www.piacesprofit.hu\/kkv_cegblog\/adatvedelmi-hajra-alig-fel-ev-maradt-a-felkeszulesre\/\" target=\"_blank\" rel=\"noopener\">\u00f6bbsz\u00f6r is k\u00f6rbej\u00e1rtuk, mit takar a GDPR (General Data Protection Regulation \u2013 az Eur\u00f3pai Uni\u00f3 \u00e1ltal\u00e1nos adatv\u00e9delmi rendelete)<\/a>, mit\u0151l v\u00e1lt aktu\u00e1liss\u00e1, \u00e9s mi\u00e9rt j\u00f6n szembe minden h\u00edrfolyamban. J\u00f3 ha tudjuk: ha\u00a0a v\u00e1llalkoz\u00e1sunkban szem\u00e9lyes adatot kezel\u00fcnk \u2013 \u00e9s munk\u00e1ltat\u00f3k\u00e9nt a munkav\u00e1llal\u00f3ink adatai is idetartoznak \u2013, online tev\u00e9kenys\u00e9get folytatunk, b\u00e1rmilyen szint\u0171 adatb\u00e1zisokkal dolgozunk, az \u00fcgyfeleink adatait haszn\u00e1lva ak\u00e1rmilyen online tranzakci\u00f3t, akci\u00f3t, kamp\u00e1nyt v\u00e9gz\u00fcnk, biztosra vehetj\u00fck, hogy a rendelet minket is \u00e9rint. A p2m \u00f6sszegy\u0171jt\u00f6tte, hogy milyen l\u00e9p\u00e9seket kell megtenn\u00fcnk a 2018. m\u00e1jus 25-i hat\u00e1rid\u0151ig!<\/p>\n<p><strong>Ketyeg az id\u0151z\u00edt\u0151 \u2013 Ott vagyunk m\u00e1r?<\/strong><\/p>\n<p>2018. m\u00e1jus 25. a d\u00e1tum, a visszasz\u00e1ml\u00e1l\u00e1s pedig elkezd\u0151d\u00f6tt. Az Eur\u00f3pai Uni\u00f3 v\u00e1llalkoz\u00e1sai jelent\u0151s lemarad\u00e1sban vannak a felz\u00e1rk\u00f3z\u00e1st tekintve. Egyel\u0151re Magyarorsz\u00e1gon sem \u00e1llunk jobban. A felismer\u00e9s ugyan sokakban megt\u00f6rt\u00e9nt, m\u00e9gis j\u00f3val kevesebben kezdt\u00e9k meg a felk\u00e9sz\u00fcl\u00e9st, mint amennyi szervezetet t\u00e9nylegesen \u00e9rint. A hazai v\u00e1llalkoz\u00e1sok vezet\u0151ivel besz\u00e9lgetve leggyakrabban h\u00e1romf\u00e9le hozz\u00e1\u00e1ll\u00e1ssal tal\u00e1lkozunk.<\/p>\n<div class=\"news_frame\">\n<p><strong>Sokan egy\u00e1ltal\u00e1n nem foglalkoztak a t\u00e9m\u00e1val.<\/strong>\u00a0Elker\u00fclt\u00e9k, mert a 2018-as d\u00e1tumot m\u00e9g nem \u00e9rezt\u00e9k s\u00fcrget\u0151nek a napi megoldand\u00f3k mellett, vagy mert \u00fagy gondolt\u00e1k, ez csak a nagyokra vonatkozik, vagy egyszer\u0171en csak nem sz\u00f3l\u00edtott\u00e1k meg \u0151ket a h\u00edrek, \u00edgy a felk\u00e9sz\u00fcl\u00e9s sz\u00fcks\u00e9gess\u00e9g\u00e9t \u0151k m\u00e9g nem realiz\u00e1lt\u00e1k.\u00a0<strong>Egyre t\u00f6bben vannak, akik m\u00e1r fel\u00e9bredtek, \u00e9s r\u00e1j\u00f6ttek, hogy ezzel bizony dolgozni kell<\/strong>.\u00a0\u0150k most kezdik \u00f6sszegy\u0171jteni az inform\u00e1ci\u00f3kat az indul\u00e1shoz. Szerencs\u00e9re\u00a0<strong>napr\u00f3l napra n\u00f6vekszik azok sz\u00e1ma is, akik tiszt\u00e1ban vannak vele, hogy az adatv\u00e9delem nem csup\u00e1n jogi, hanem \u00fczleti k\u00e9rd\u00e9s is, \u00e9s ennek tudat\u00e1ban v\u00e1gtak bele a felk\u00e9sz\u00fcl\u00e9sbe.<\/strong><\/p>\n<p><strong>Melyik v\u00e9g\u00e9n\u00e9l fogjuk meg?<\/strong><\/p>\n<p>\u201eAz adatbiztons\u00e1g ny\u0171g\u00f6s dolog\u201d\u00a0\u2013 nemr\u00e9g ezzel a mondattal tal\u00e1lkoztunk egy rendezv\u00e9nyen. Val\u00f3ban \u00f6sszetett a t\u00e9ma, \u00e9s sokan elakadnak a legels\u0151 ponton, hogy melyik v\u00e9g\u00e9n\u00e9l is kellene neki\u00e1llni. \u00cdgy fordul el\u0151 igen gyakran, hogy az informatikusra, rendszergazd\u00e1ra z\u00fadul a probl\u00e9ma: \u201eA te ter\u00fcleted, n\u00e9zd meg, mit kell csin\u00e1lni!\u201d A feladat azonban a v\u00e1llalkoz\u00e1s t\u00f6bb ter\u00fclet\u00e9t is \u00e9rinti, \u00e9s b\u00e1r az informatik\u00e1nak kulcsszerepe van a projektben, teljes k\u00f6r\u0171 egy\u00fcttm\u0171k\u00f6d\u00e9s sz\u00fcks\u00e9ges az \u00e9rintett vezet\u0151k, munkat\u00e1rsak r\u00e9sz\u00e9r\u0151l. A HR munka\u00fcgyi adatokat kezel; a marketing, az \u00e9rt\u00e9kes\u00edt\u00e9s \u00e9s a vev\u0151szolg\u00e1lat \u00fcgyf\u00e9ladatokat; a logisztika \u00e9s a beszerz\u00e9s a besz\u00e1ll\u00edt\u00f3k adatait \u2013 ezek pedig egyben a v\u00e1llalkoz\u00e1sunk adatb\u00e1zisai, a GDPR teh\u00e1t csapatmunk\u00e1t ig\u00e9nyel.<\/p>\n<p>Fontos, hogy ne maradjon h\u00e9zag, \u00e9s minden oldalr\u00f3l r\u00e1l\u00e1ssunk a m\u0171k\u00f6d\u00e9s\u00fcnkre, ez\u00e9rt \u00e9rdemes megfelel\u0151 szak\u00e9rt\u0151k bevon\u00e1s\u00e1val elk\u00e9sz\u00edteni a jelenlegi adatbiztons\u00e1gi helyzetk\u00e9p\u00fcnket, \u00e9s meghat\u00e1rozni a k\u00f6vetkez\u0151 id\u0151szak feladatait.<\/p>\n<p>El\u0151sz\u00f6r is tiszt\u00e1zni kell, hogy a m\u0171k\u00f6d\u00e9s\u00fcnk indokolja-e adatv\u00e9delmi tisztvisel\u0151 kijel\u00f6l\u00e9s\u00e9t. Az al\u00e1bbi esetekben mindenk\u00e9ppen sz\u00fcks\u00e9ges:<\/p>\n<ul>\n<li>ha az adatkezel\u0151 vagy az adatfeldolgoz\u00f3 f\u0151 tev\u00e9kenys\u00e9gei k\u00fcl\u00f6nleges szem\u00e9lyes adatok nagy sz\u00e1mban t\u00f6rt\u00e9n\u0151 kezel\u00e9s\u00e9t foglalj\u00e1k magukban;<\/li>\n<li>ha az adatkezel\u00e9st k\u00f6zhatalmi szervek vagy egy\u00e9b, k\u00f6zfeladatot ell\u00e1t\u00f3 szervek v\u00e9gzik, kiv\u00e9ve az igazs\u00e1gszolg\u00e1ltat\u00e1si feladatk\u00f6r\u00fckben elj\u00e1r\u00f3 b\u00edr\u00f3s\u00e1gokat;<\/li>\n<li>ha az adatkezel\u0151 vagy az adatfeldolgoz\u00f3 f\u0151 tev\u00e9kenys\u00e9gei olyan adatkezel\u00e9si m\u0171veleteket foglalnak magukban, amelyek jelleg\u00fckn\u00e9l, hat\u00f3k\u00f6r\u00fckn\u00e9l \u00e9s\/vagy c\u00e9ljaikn\u00e1l fogva az \u00e9rintettek rendszeres \u00e9s szisztematikus, nagym\u00e9rt\u00e9k\u0171 megfigyel\u00e9s\u00e9t teszik sz\u00fcks\u00e9gess\u00e9.<\/li>\n<\/ul>\n<p>Ha \u00f6ssze\u00e1llt a csapatunk, megkezd\u0151dhet az adatbiztons\u00e1gi felk\u00e9sz\u00fcl\u00e9s. J\u00f3 h\u00edr, hogy az els\u0151 igazi nagy falattal m\u00e1ris hatalmas l\u00e9p\u00e9st tesz\u00fcnk.<\/p>\n<p><em>Az adatkezel\u00e9s\u00fcnk felm\u00e9r\u00e9se lesz ugyanis minden tov\u00e1bbi teend\u0151nk alapja.<\/em><\/p>\n<div class=\"news_frame\">\n<p><strong>Panor\u00e1mak\u00e9pre felk\u00e9sz\u00fclni!<\/strong><\/p>\n<p>Itt ker\u00fcl sor az \u00fczleti folyamatok \u00e9s adatok elemz\u00e9s\u00e9re, felder\u00edt\u00e9s\u00e9re; az adatkezel\u0151 rendszerek adatt\u00e9rk\u00e9p\u00e9nek elk\u00e9sz\u00edt\u00e9s\u00e9re; az adatok mozg\u00e1s\u00e1nak meghat\u00e1roz\u00e1s\u00e1ra; az adatokon v\u00e9gzett m\u0171veletek (pl. gy\u0171jt\u00e9s, t\u00e1rol\u00e1s, t\u00f6rl\u00e9s, profiloz\u00e1s) felt\u00e9rk\u00e9pez\u00e9s\u00e9re.<br \/>\nA felm\u00e9r\u00e9s sor\u00e1n elemezn\u00fcnk kell, hogy megfelel\u0151ek-e a jelenleg alkalmazott megold\u00e1sok az adatfeldolgoz\u00e1s c\u00e9lj\u00e1t \u00e9s m\u00e9rt\u00e9k\u00e9t, az \u00f6sszegy\u0171jt\u00f6tt adatok mennyis\u00e9g\u00e9t, az adatt\u00e1rol\u00e1s id\u0151szak\u00e1t, valamint az adatokhoz val\u00f3 hozz\u00e1f\u00e9r\u00e9st (alap\u00e9rtelmezett adatv\u00e9delem) illet\u0151en.<\/p>\n<p>A folyamatok, input-output adatok \u00e9s a hozz\u00e1juk haszn\u00e1lt eszk\u00f6z\u00f6k (szoftverek, vagyonlelt\u00e1rak, automatiz\u00e1lt eszk\u00f6z\u00f6k) \u00e1tvizsg\u00e1l\u00e1sa val\u00f3ban id\u0151ig\u00e9nyes feladat. Itt m\u00e1ris el\u0151nnyel indul, aki eleve m\u0171k\u00f6dtetett ir\u00e1ny\u00edt\u00e1si rendszert. A kezelt szem\u00e9lyes adatok jogalapjait imm\u00e1r az \u00faj jogalapok t\u00fckr\u00e9ben kell fel\u00fclvizsg\u00e1lnunk. Adatbiztons\u00e1gi int\u00e9zked\u00e9seink igazol\u00e1s\u00e1hoz sz\u00fcks\u00e9g\u00fcnk lesz megfelel\u0151 dokument\u00e1ci\u00f3ra. Itt kell elk\u00e9sz\u00edten\u00fcnk vagy aktualiz\u00e1lnunk a m\u00e1r haszn\u00e1latban l\u00e9v\u0151 adatkezel\u00e9si nyilv\u00e1ntart\u00e1st, adatv\u00e9delmi-adatkezel\u00e9si szab\u00e1lyzatot, az adatkezel\u00e9si t\u00e1j\u00e9koztat\u00f3kat, adatv\u00e9delmi hozz\u00e1j\u00e1rul\u00e1sokat.<\/p>\n<p><strong>Biztons\u00e1g sakkl\u00e9p\u00e9sekben<\/strong><\/p>\n<p>A felk\u00e9sz\u00fcl\u00e9s akkor lesz teljes \u00e9rt\u00e9k\u0171, ha \u0151szint\u00e9n szemben\u00e9z\u00fcnk a v\u00e1llalkoz\u00e1sunk m\u0171k\u00f6d\u00e9s\u00e9ben felmer\u00fcl\u0151 hi\u00e1nyoss\u00e1gokkal. V\u00e9gig kell gondolnunk a v\u00e1laszainkat olyan fontos k\u00e9rd\u00e9sekre, mint hogy megfelel\u0151 k\u00e9pess\u00e9gekkel rendelkezik-e a v\u00e1llalat az adatv\u00e9delmi incidensek bek\u00f6vetkez\u00e9s\u00e9nek \u00e9szlel\u00e9s\u00e9hez? Tiszt\u00e1ban vagyunk-e azzal, ha adatsziv\u00e1rg\u00e1s t\u00f6rt\u00e9nik? Kialak\u00edtottuk-e azokat a folyamatokat \u00e9s elj\u00e1r\u00e1sokat, amelyek seg\u00edts\u00e9g\u00e9vel gyorsan tudunk reag\u00e1lni az adatv\u00e9delmi incidensekre?<\/p>\n<p>Ilyen esetben ugyanis j\u00f3l \u00e1tgondolt l\u00e9p\u00e9sek sor\u00e1t kell megtenn\u00fcnk, amelyek t\u00f6bb k\u00fcl\u00f6nb\u00f6z\u0151 ter\u00fcleten dolgoz\u00f3 ember k\u00f6zrem\u0171k\u00f6d\u00e9s\u00e9t ig\u00e9nylik. Az incidens bejelent\u00e9se csup\u00e1n egy a legfontosabb l\u00e9p\u00e9sek k\u00f6z\u00fcl. Nagyban ler\u00f6vid\u00edtheti a reakci\u00f3id\u0151t egy t\u00e9nyleges adatv\u00e9delmi incidens bek\u00f6vetkez\u00e9sekor, ha a v\u00e1laszl\u00e9p\u00e9seket j\u00f3 el\u0151re meghat\u00e1rozzuk, \u00e9s tesztelj\u00fck. Mindehhez bels\u0151 szab\u00e1lyoz\u00f3kat kell l\u00e9trehoznunk, r\u00f6gz\u00edteni a felel\u0151ss\u00e9gi \u00e9s hat\u00e1sk\u00f6r\u00f6ket, felt\u00e9rk\u00e9pezni a v\u00e1rhat\u00f3 esetk\u00f6r\u00f6ket (pl. egy adathordoz\u00f3 elveszt\u00e9se), kialak\u00edtani az \u00e9rtes\u00edt\u00e9si rendet, el\u0151k\u00e9sz\u00edteni a sz\u00fcks\u00e9ges dokument\u00e1ci\u00f3t, megtervezni az azonnali \u00e9s a tov\u00e1bbi int\u00e9zked\u00e9sek v\u00e9grehajt\u00e1s\u00e1t. A l\u00e9p\u00e9seket csak akkor lesz\u00fcnk k\u00e9pesek \u00e9les helyzetben, t\u00e9nyleges incidens bek\u00f6vetkez\u00e9sekor v\u00e9grehajtani, ha a terveket tesztelj\u00fck is! Gondoljunk arra, hogy van-e mersz\u00fcnk egy porolt\u00f3t leemelni a falr\u00f3l, esetleg m\u00e9g a csapszeget is kih\u00fazni?<\/p>\n<p>Az \u00faj szab\u00e1lyok \u00e9rtelm\u00e9ben, bizonyos esetekben az adatkezel\u0151nek adatv\u00e9delmi hat\u00e1svizsg\u00e1latot kell lefolytatni. A k\u00f6telezetts\u00e9ggel ilyenkor \u00e9rtelemszer\u0171en n\u00f6vekednek az adminisztrat\u00edv terhek, azonban a magas kock\u00e1zat\u00fa adatkezel\u00e9sekn\u00e9l k\u00fcl\u00f6n\u00f6sen indokolt lehet annak a vizsg\u00e1lata, hogy a tervezett adatkezel\u00e9si m\u0171veletek hogyan \u00e9rintik a szem\u00e9lyes adatok v\u00e9delm\u00e9t.<\/p>\n<p><strong>Adatbiztons\u00e1g, mint a j\u00f3 alv\u00e1s kulcsa<\/strong><\/p>\n<p>A GDPR teh\u00e1t az adatkezel\u0151 felel\u0151ss\u00e9g\u00e9v\u00e9 teszi, hogy b\u00e1rmikor k\u00e9pes legyen bizony\u00edtani a rendelet adatv\u00e9delmi elveinek val\u00f3 megfelel\u00e9st. Ehhez rendszeresen kell ellen\u0151rizni, \u00e9rt\u00e9kelni \u00e9s fel\u00fclvizsg\u00e1lni az adatkezel\u00e9si elj\u00e1r\u00e1sainkat. A folyamatokba megfelel\u0151 biztos\u00edt\u00e9kokat kell be\u00e9p\u00edten\u00fcnk, \u00e9s gondoskodnunk kell a munkav\u00e1llal\u00f3k k\u00e9pz\u00e9s\u00e9r\u0151l, hogy tiszt\u00e1ban legyenek a r\u00e1juk vonatkoz\u00f3 szab\u00e1lyokkal, feladatokkal.<\/p>\n<p>\u00d6sszess\u00e9g\u00e9ben k\u00e9pesnek kell lenn\u00fcnk arra, hogy az adatv\u00e9delmi hat\u00f3s\u00e1g fel\u00e9 b\u00e1rmikor igazolni tudjuk, hogy megtett\u00fck a sz\u00fcks\u00e9ges l\u00e9p\u00e9seket. Mindez egyfel\u0151l szab\u00e1lyoz\u00e1si presszi\u00f3, m\u00e1sr\u00e9szt viszont olyan megel\u0151z\u0151 int\u00e9zked\u00e9sek sorozata, amelyekkel olyan kellemetlens\u00e9gekt\u0151l is megv\u00e9dhetj\u00fck a v\u00e1llalkoz\u00e1sunkat, mint egy adatkezel\u00e9si \u00fcgyf\u00e9lpanasz, munka\u00fcgyi per vagy kisziv\u00e1rg\u00f3 adatok miatti incidens. Ezzel egy\u00fctt pedig mi is akkor alszunk j\u00f3l, ha a saj\u00e1t adatainkat is biztons\u00e1gban tudjuk.<\/p>\n<p>A sz\u00e1ml\u00e1l\u00f3 teh\u00e1t s\u00fcrget, de m\u00e9g \u00e9ppen id\u0151ben vagyunk. Ha meg\u00e9rtj\u00fck a szab\u00e1lyoz\u00e1st, \u00e9s a h\u00e1tral\u00e9v\u0151 f\u00e9l \u00e9v sor\u00e1n j\u00f3l \u00fctemezz\u00fck a feladatainkat, felesleges izgalmak n\u00e9lk\u00fcl v\u00e1rhatjuk a hat\u00e1rid\u0151t.<\/p>\n<\/div>\n<p>Forr\u00e1s:<\/p>\n<p>http:\/\/www.piacesprofit.hu\/kkv_cegblog\/gdpr-hogyan-induljunk-el-es-mit-lepjunk-meg-a-majusi-hataridoig\/<\/p>\n<div class=\"news_frame\"><\/div>\n<\/div>\n","protected":false},"excerpt":{"rendered":"<p>M\u00e1r csak alig f\u00e9l \u00e9ve maradt a v\u00e1llalakoz\u00e1soknak a felk\u00e9sz\u00fcl\u00e9sre, miel\u0151tt m\u00e1r \u00e9lesben is alkalmazni kell az uni\u00f3s adatv\u00e9delmi ir\u00e1nyelvet (GDPR). M\u00e9g most sincs k\u00e9s\u0151 neki\u00e1llni a felk\u00e9sz\u00fcl\u00e9snek, szak\u00e9rt\u0151nk seg\u00edts\u00e9g\u00e9vel bemutatjuk, hogy milyen l\u00e9p\u00e9seket kell megtennie annak, aki nem akar milli\u00e1rdos b\u00edrs\u00e1got kock\u00e1ztatni! M\u00e1r t\u00f6bbsz\u00f6r is k\u00f6rbej\u00e1rtuk, mit takar a GDPR (General Data Protection Regulation \u2013 az Eur\u00f3pai Uni\u00f3 \u00e1ltal\u00e1nos&#8230;<\/p>\n","protected":false},"author":1,"featured_media":12346,"comment_status":"closed","ping_status":"closed","sticky":false,"template":"","format":"standard","meta":{"footnotes":""},"categories":[37],"tags":[39],"class_list":["post-12345","post","type-post","status-publish","format-standard","has-post-thumbnail","hentry","category-gdpr-rendelet","tag-felkeszules"],"yoast_head":"<!-- This site is optimized with the Yoast SEO plugin v27.5 - https:\/\/yoast.com\/product\/yoast-seo-wordpress\/ -->\n<title>GDPR: Hogyan induljunk el, \u00e9s mit l\u00e9pj\u00fcnk meg a m\u00e1jusi hat\u00e1rid\u0151ig? - GDPRszakerto.hu<\/title>\n<meta name=\"robots\" content=\"index, follow, max-snippet:-1, max-image-preview:large, max-video-preview:-1\" \/>\n<link rel=\"canonical\" href=\"https:\/\/gdprszakerto.hu\/index.php\/gdpr-hogyan-induljunk-el-es-mit-lepjunk-meg-majusi-hataridoig\/\" \/>\n<meta property=\"og:locale\" content=\"hu_HU\" \/>\n<meta property=\"og:type\" content=\"article\" \/>\n<meta property=\"og:title\" content=\"GDPR: Hogyan induljunk el, \u00e9s mit l\u00e9pj\u00fcnk meg a m\u00e1jusi hat\u00e1rid\u0151ig? - GDPRszakerto.hu\" \/>\n<meta property=\"og:description\" content=\"M\u00e1r csak alig f\u00e9l \u00e9ve maradt a v\u00e1llalakoz\u00e1soknak a felk\u00e9sz\u00fcl\u00e9sre, miel\u0151tt m\u00e1r \u00e9lesben is alkalmazni kell az uni\u00f3s adatv\u00e9delmi ir\u00e1nyelvet (GDPR). M\u00e9g most sincs k\u00e9s\u0151 neki\u00e1llni a felk\u00e9sz\u00fcl\u00e9snek, szak\u00e9rt\u0151nk seg\u00edts\u00e9g\u00e9vel bemutatjuk, hogy milyen l\u00e9p\u00e9seket kell megtennie annak, aki nem akar milli\u00e1rdos b\u00edrs\u00e1got kock\u00e1ztatni! M\u00e1r t\u00f6bbsz\u00f6r is k\u00f6rbej\u00e1rtuk, mit takar a GDPR (General Data Protection Regulation \u2013 az Eur\u00f3pai Uni\u00f3 \u00e1ltal\u00e1nos...\" \/>\n<meta property=\"og:url\" content=\"https:\/\/gdprszakerto.hu\/index.php\/gdpr-hogyan-induljunk-el-es-mit-lepjunk-meg-majusi-hataridoig\/\" \/>\n<meta property=\"og:site_name\" content=\"GDPRszakerto.hu\" \/>\n<meta property=\"article:published_time\" content=\"2017-12-07T08:56:53+00:00\" \/>\n<meta property=\"article:modified_time\" content=\"2017-12-07T09:09:34+00:00\" \/>\n<meta property=\"og:image\" content=\"https:\/\/gdprszakerto.hu\/wp-content\/uploads\/2017\/12\/GDPR-keep-calm-642x360.jpg\" \/>\n\t<meta property=\"og:image:width\" content=\"642\" \/>\n\t<meta property=\"og:image:height\" content=\"360\" \/>\n\t<meta property=\"og:image:type\" content=\"image\/jpeg\" \/>\n<meta name=\"author\" content=\"admin\" \/>\n<meta name=\"twitter:card\" content=\"summary_large_image\" \/>\n<meta name=\"twitter:label1\" content=\"Szerz\u0151:\" \/>\n\t<meta name=\"twitter:data1\" content=\"admin\" \/>\n\t<meta name=\"twitter:label2\" content=\"Becs\u00fclt olvas\u00e1si id\u0151\" \/>\n\t<meta name=\"twitter:data2\" content=\"8 perc\" \/>\n<script type=\"application\/ld+json\" class=\"yoast-schema-graph\">{\"@context\":\"https:\\\/\\\/schema.org\",\"@graph\":[{\"@type\":\"Article\",\"@id\":\"https:\\\/\\\/gdprszakerto.hu\\\/index.php\\\/gdpr-hogyan-induljunk-el-es-mit-lepjunk-meg-majusi-hataridoig\\\/#article\",\"isPartOf\":{\"@id\":\"https:\\\/\\\/gdprszakerto.hu\\\/index.php\\\/gdpr-hogyan-induljunk-el-es-mit-lepjunk-meg-majusi-hataridoig\\\/\"},\"author\":{\"name\":\"admin\",\"@id\":\"https:\\\/\\\/gdprszakerto.hu\\\/#\\\/schema\\\/person\\\/86879a2ef57369462062bbee917cdf70\"},\"headline\":\"GDPR: Hogyan induljunk el, \u00e9s mit l\u00e9pj\u00fcnk meg a m\u00e1jusi hat\u00e1rid\u0151ig?\",\"datePublished\":\"2017-12-07T08:56:53+00:00\",\"dateModified\":\"2017-12-07T09:09:34+00:00\",\"mainEntityOfPage\":{\"@id\":\"https:\\\/\\\/gdprszakerto.hu\\\/index.php\\\/gdpr-hogyan-induljunk-el-es-mit-lepjunk-meg-majusi-hataridoig\\\/\"},\"wordCount\":1691,\"image\":{\"@id\":\"https:\\\/\\\/gdprszakerto.hu\\\/index.php\\\/gdpr-hogyan-induljunk-el-es-mit-lepjunk-meg-majusi-hataridoig\\\/#primaryimage\"},\"thumbnailUrl\":\"https:\\\/\\\/gdprszakerto.hu\\\/wp-content\\\/uploads\\\/2017\\\/12\\\/GDPR-keep-calm-642x360.jpg\",\"keywords\":[\"felk\u00e9sz\u00fcl\u00e9s\"],\"articleSection\":[\"GDPR rendelet\"],\"inLanguage\":\"hu\"},{\"@type\":\"WebPage\",\"@id\":\"https:\\\/\\\/gdprszakerto.hu\\\/index.php\\\/gdpr-hogyan-induljunk-el-es-mit-lepjunk-meg-majusi-hataridoig\\\/\",\"url\":\"https:\\\/\\\/gdprszakerto.hu\\\/index.php\\\/gdpr-hogyan-induljunk-el-es-mit-lepjunk-meg-majusi-hataridoig\\\/\",\"name\":\"GDPR: Hogyan induljunk el, \u00e9s mit l\u00e9pj\u00fcnk meg a m\u00e1jusi hat\u00e1rid\u0151ig? - GDPRszakerto.hu\",\"isPartOf\":{\"@id\":\"https:\\\/\\\/gdprszakerto.hu\\\/#website\"},\"primaryImageOfPage\":{\"@id\":\"https:\\\/\\\/gdprszakerto.hu\\\/index.php\\\/gdpr-hogyan-induljunk-el-es-mit-lepjunk-meg-majusi-hataridoig\\\/#primaryimage\"},\"image\":{\"@id\":\"https:\\\/\\\/gdprszakerto.hu\\\/index.php\\\/gdpr-hogyan-induljunk-el-es-mit-lepjunk-meg-majusi-hataridoig\\\/#primaryimage\"},\"thumbnailUrl\":\"https:\\\/\\\/gdprszakerto.hu\\\/wp-content\\\/uploads\\\/2017\\\/12\\\/GDPR-keep-calm-642x360.jpg\",\"datePublished\":\"2017-12-07T08:56:53+00:00\",\"dateModified\":\"2017-12-07T09:09:34+00:00\",\"author\":{\"@id\":\"https:\\\/\\\/gdprszakerto.hu\\\/#\\\/schema\\\/person\\\/86879a2ef57369462062bbee917cdf70\"},\"breadcrumb\":{\"@id\":\"https:\\\/\\\/gdprszakerto.hu\\\/index.php\\\/gdpr-hogyan-induljunk-el-es-mit-lepjunk-meg-majusi-hataridoig\\\/#breadcrumb\"},\"inLanguage\":\"hu\",\"potentialAction\":[{\"@type\":\"ReadAction\",\"target\":[\"https:\\\/\\\/gdprszakerto.hu\\\/index.php\\\/gdpr-hogyan-induljunk-el-es-mit-lepjunk-meg-majusi-hataridoig\\\/\"]}]},{\"@type\":\"ImageObject\",\"inLanguage\":\"hu\",\"@id\":\"https:\\\/\\\/gdprszakerto.hu\\\/index.php\\\/gdpr-hogyan-induljunk-el-es-mit-lepjunk-meg-majusi-hataridoig\\\/#primaryimage\",\"url\":\"https:\\\/\\\/gdprszakerto.hu\\\/wp-content\\\/uploads\\\/2017\\\/12\\\/GDPR-keep-calm-642x360.jpg\",\"contentUrl\":\"https:\\\/\\\/gdprszakerto.hu\\\/wp-content\\\/uploads\\\/2017\\\/12\\\/GDPR-keep-calm-642x360.jpg\",\"width\":642,\"height\":360},{\"@type\":\"BreadcrumbList\",\"@id\":\"https:\\\/\\\/gdprszakerto.hu\\\/index.php\\\/gdpr-hogyan-induljunk-el-es-mit-lepjunk-meg-majusi-hataridoig\\\/#breadcrumb\",\"itemListElement\":[{\"@type\":\"ListItem\",\"position\":1,\"name\":\"Home\",\"item\":\"https:\\\/\\\/gdprszakerto.hu\\\/\"},{\"@type\":\"ListItem\",\"position\":2,\"name\":\"GDPR: Hogyan induljunk el, \u00e9s mit l\u00e9pj\u00fcnk meg a m\u00e1jusi hat\u00e1rid\u0151ig?\"}]},{\"@type\":\"WebSite\",\"@id\":\"https:\\\/\\\/gdprszakerto.hu\\\/#website\",\"url\":\"https:\\\/\\\/gdprszakerto.hu\\\/\",\"name\":\"GDPRszakerto.hu\",\"description\":\"GDPR tan\u00e1csad\u00e1s szak\u00e9rt\u0151kt\u0151l\",\"potentialAction\":[{\"@type\":\"SearchAction\",\"target\":{\"@type\":\"EntryPoint\",\"urlTemplate\":\"https:\\\/\\\/gdprszakerto.hu\\\/?s={search_term_string}\"},\"query-input\":{\"@type\":\"PropertyValueSpecification\",\"valueRequired\":true,\"valueName\":\"search_term_string\"}}],\"inLanguage\":\"hu\"},{\"@type\":\"Person\",\"@id\":\"https:\\\/\\\/gdprszakerto.hu\\\/#\\\/schema\\\/person\\\/86879a2ef57369462062bbee917cdf70\",\"name\":\"admin\",\"image\":{\"@type\":\"ImageObject\",\"inLanguage\":\"hu\",\"@id\":\"https:\\\/\\\/secure.gravatar.com\\\/avatar\\\/d93eda573f123ac4ab7ef8031a5b44d7a7fed56b7e1548cfac7f45cdf3ba4aa2?s=96&d=mm&r=g\",\"url\":\"https:\\\/\\\/secure.gravatar.com\\\/avatar\\\/d93eda573f123ac4ab7ef8031a5b44d7a7fed56b7e1548cfac7f45cdf3ba4aa2?s=96&d=mm&r=g\",\"contentUrl\":\"https:\\\/\\\/secure.gravatar.com\\\/avatar\\\/d93eda573f123ac4ab7ef8031a5b44d7a7fed56b7e1548cfac7f45cdf3ba4aa2?s=96&d=mm&r=g\",\"caption\":\"admin\"},\"url\":\"https:\\\/\\\/gdprszakerto.hu\\\/index.php\\\/author\\\/admin\\\/\"}]}<\/script>\n<!-- \/ Yoast SEO plugin. -->","yoast_head_json":{"title":"GDPR: Hogyan induljunk el, \u00e9s mit l\u00e9pj\u00fcnk meg a m\u00e1jusi hat\u00e1rid\u0151ig? - GDPRszakerto.hu","robots":{"index":"index","follow":"follow","max-snippet":"max-snippet:-1","max-image-preview":"max-image-preview:large","max-video-preview":"max-video-preview:-1"},"canonical":"https:\/\/gdprszakerto.hu\/index.php\/gdpr-hogyan-induljunk-el-es-mit-lepjunk-meg-majusi-hataridoig\/","og_locale":"hu_HU","og_type":"article","og_title":"GDPR: Hogyan induljunk el, \u00e9s mit l\u00e9pj\u00fcnk meg a m\u00e1jusi hat\u00e1rid\u0151ig? - GDPRszakerto.hu","og_description":"M\u00e1r csak alig f\u00e9l \u00e9ve maradt a v\u00e1llalakoz\u00e1soknak a felk\u00e9sz\u00fcl\u00e9sre, miel\u0151tt m\u00e1r \u00e9lesben is alkalmazni kell az uni\u00f3s adatv\u00e9delmi ir\u00e1nyelvet (GDPR). M\u00e9g most sincs k\u00e9s\u0151 neki\u00e1llni a felk\u00e9sz\u00fcl\u00e9snek, szak\u00e9rt\u0151nk seg\u00edts\u00e9g\u00e9vel bemutatjuk, hogy milyen l\u00e9p\u00e9seket kell megtennie annak, aki nem akar milli\u00e1rdos b\u00edrs\u00e1got kock\u00e1ztatni! M\u00e1r t\u00f6bbsz\u00f6r is k\u00f6rbej\u00e1rtuk, mit takar a GDPR (General Data Protection Regulation \u2013 az Eur\u00f3pai Uni\u00f3 \u00e1ltal\u00e1nos...","og_url":"https:\/\/gdprszakerto.hu\/index.php\/gdpr-hogyan-induljunk-el-es-mit-lepjunk-meg-majusi-hataridoig\/","og_site_name":"GDPRszakerto.hu","article_published_time":"2017-12-07T08:56:53+00:00","article_modified_time":"2017-12-07T09:09:34+00:00","og_image":[{"width":642,"height":360,"url":"https:\/\/gdprszakerto.hu\/wp-content\/uploads\/2017\/12\/GDPR-keep-calm-642x360.jpg","type":"image\/jpeg"}],"author":"admin","twitter_card":"summary_large_image","twitter_misc":{"Szerz\u0151:":"admin","Becs\u00fclt olvas\u00e1si id\u0151":"8 perc"},"schema":{"@context":"https:\/\/schema.org","@graph":[{"@type":"Article","@id":"https:\/\/gdprszakerto.hu\/index.php\/gdpr-hogyan-induljunk-el-es-mit-lepjunk-meg-majusi-hataridoig\/#article","isPartOf":{"@id":"https:\/\/gdprszakerto.hu\/index.php\/gdpr-hogyan-induljunk-el-es-mit-lepjunk-meg-majusi-hataridoig\/"},"author":{"name":"admin","@id":"https:\/\/gdprszakerto.hu\/#\/schema\/person\/86879a2ef57369462062bbee917cdf70"},"headline":"GDPR: Hogyan induljunk el, \u00e9s mit l\u00e9pj\u00fcnk meg a m\u00e1jusi hat\u00e1rid\u0151ig?","datePublished":"2017-12-07T08:56:53+00:00","dateModified":"2017-12-07T09:09:34+00:00","mainEntityOfPage":{"@id":"https:\/\/gdprszakerto.hu\/index.php\/gdpr-hogyan-induljunk-el-es-mit-lepjunk-meg-majusi-hataridoig\/"},"wordCount":1691,"image":{"@id":"https:\/\/gdprszakerto.hu\/index.php\/gdpr-hogyan-induljunk-el-es-mit-lepjunk-meg-majusi-hataridoig\/#primaryimage"},"thumbnailUrl":"https:\/\/gdprszakerto.hu\/wp-content\/uploads\/2017\/12\/GDPR-keep-calm-642x360.jpg","keywords":["felk\u00e9sz\u00fcl\u00e9s"],"articleSection":["GDPR rendelet"],"inLanguage":"hu"},{"@type":"WebPage","@id":"https:\/\/gdprszakerto.hu\/index.php\/gdpr-hogyan-induljunk-el-es-mit-lepjunk-meg-majusi-hataridoig\/","url":"https:\/\/gdprszakerto.hu\/index.php\/gdpr-hogyan-induljunk-el-es-mit-lepjunk-meg-majusi-hataridoig\/","name":"GDPR: Hogyan induljunk el, \u00e9s mit l\u00e9pj\u00fcnk meg a m\u00e1jusi hat\u00e1rid\u0151ig? - GDPRszakerto.hu","isPartOf":{"@id":"https:\/\/gdprszakerto.hu\/#website"},"primaryImageOfPage":{"@id":"https:\/\/gdprszakerto.hu\/index.php\/gdpr-hogyan-induljunk-el-es-mit-lepjunk-meg-majusi-hataridoig\/#primaryimage"},"image":{"@id":"https:\/\/gdprszakerto.hu\/index.php\/gdpr-hogyan-induljunk-el-es-mit-lepjunk-meg-majusi-hataridoig\/#primaryimage"},"thumbnailUrl":"https:\/\/gdprszakerto.hu\/wp-content\/uploads\/2017\/12\/GDPR-keep-calm-642x360.jpg","datePublished":"2017-12-07T08:56:53+00:00","dateModified":"2017-12-07T09:09:34+00:00","author":{"@id":"https:\/\/gdprszakerto.hu\/#\/schema\/person\/86879a2ef57369462062bbee917cdf70"},"breadcrumb":{"@id":"https:\/\/gdprszakerto.hu\/index.php\/gdpr-hogyan-induljunk-el-es-mit-lepjunk-meg-majusi-hataridoig\/#breadcrumb"},"inLanguage":"hu","potentialAction":[{"@type":"ReadAction","target":["https:\/\/gdprszakerto.hu\/index.php\/gdpr-hogyan-induljunk-el-es-mit-lepjunk-meg-majusi-hataridoig\/"]}]},{"@type":"ImageObject","inLanguage":"hu","@id":"https:\/\/gdprszakerto.hu\/index.php\/gdpr-hogyan-induljunk-el-es-mit-lepjunk-meg-majusi-hataridoig\/#primaryimage","url":"https:\/\/gdprszakerto.hu\/wp-content\/uploads\/2017\/12\/GDPR-keep-calm-642x360.jpg","contentUrl":"https:\/\/gdprszakerto.hu\/wp-content\/uploads\/2017\/12\/GDPR-keep-calm-642x360.jpg","width":642,"height":360},{"@type":"BreadcrumbList","@id":"https:\/\/gdprszakerto.hu\/index.php\/gdpr-hogyan-induljunk-el-es-mit-lepjunk-meg-majusi-hataridoig\/#breadcrumb","itemListElement":[{"@type":"ListItem","position":1,"name":"Home","item":"https:\/\/gdprszakerto.hu\/"},{"@type":"ListItem","position":2,"name":"GDPR: Hogyan induljunk el, \u00e9s mit l\u00e9pj\u00fcnk meg a m\u00e1jusi hat\u00e1rid\u0151ig?"}]},{"@type":"WebSite","@id":"https:\/\/gdprszakerto.hu\/#website","url":"https:\/\/gdprszakerto.hu\/","name":"GDPRszakerto.hu","description":"GDPR tan\u00e1csad\u00e1s szak\u00e9rt\u0151kt\u0151l","potentialAction":[{"@type":"SearchAction","target":{"@type":"EntryPoint","urlTemplate":"https:\/\/gdprszakerto.hu\/?s={search_term_string}"},"query-input":{"@type":"PropertyValueSpecification","valueRequired":true,"valueName":"search_term_string"}}],"inLanguage":"hu"},{"@type":"Person","@id":"https:\/\/gdprszakerto.hu\/#\/schema\/person\/86879a2ef57369462062bbee917cdf70","name":"admin","image":{"@type":"ImageObject","inLanguage":"hu","@id":"https:\/\/secure.gravatar.com\/avatar\/d93eda573f123ac4ab7ef8031a5b44d7a7fed56b7e1548cfac7f45cdf3ba4aa2?s=96&d=mm&r=g","url":"https:\/\/secure.gravatar.com\/avatar\/d93eda573f123ac4ab7ef8031a5b44d7a7fed56b7e1548cfac7f45cdf3ba4aa2?s=96&d=mm&r=g","contentUrl":"https:\/\/secure.gravatar.com\/avatar\/d93eda573f123ac4ab7ef8031a5b44d7a7fed56b7e1548cfac7f45cdf3ba4aa2?s=96&d=mm&r=g","caption":"admin"},"url":"https:\/\/gdprszakerto.hu\/index.php\/author\/admin\/"}]}},"_links":{"self":[{"href":"https:\/\/gdprszakerto.hu\/index.php\/wp-json\/wp\/v2\/posts\/12345","targetHints":{"allow":["GET"]}}],"collection":[{"href":"https:\/\/gdprszakerto.hu\/index.php\/wp-json\/wp\/v2\/posts"}],"about":[{"href":"https:\/\/gdprszakerto.hu\/index.php\/wp-json\/wp\/v2\/types\/post"}],"author":[{"embeddable":true,"href":"https:\/\/gdprszakerto.hu\/index.php\/wp-json\/wp\/v2\/users\/1"}],"replies":[{"embeddable":true,"href":"https:\/\/gdprszakerto.hu\/index.php\/wp-json\/wp\/v2\/comments?post=12345"}],"version-history":[{"count":1,"href":"https:\/\/gdprszakerto.hu\/index.php\/wp-json\/wp\/v2\/posts\/12345\/revisions"}],"predecessor-version":[{"id":12348,"href":"https:\/\/gdprszakerto.hu\/index.php\/wp-json\/wp\/v2\/posts\/12345\/revisions\/12348"}],"wp:featuredmedia":[{"embeddable":true,"href":"https:\/\/gdprszakerto.hu\/index.php\/wp-json\/wp\/v2\/media\/12346"}],"wp:attachment":[{"href":"https:\/\/gdprszakerto.hu\/index.php\/wp-json\/wp\/v2\/media?parent=12345"}],"wp:term":[{"taxonomy":"category","embeddable":true,"href":"https:\/\/gdprszakerto.hu\/index.php\/wp-json\/wp\/v2\/categories?post=12345"},{"taxonomy":"post_tag","embeddable":true,"href":"https:\/\/gdprszakerto.hu\/index.php\/wp-json\/wp\/v2\/tags?post=12345"}],"curies":[{"name":"wp","href":"https:\/\/api.w.org\/{rel}","templated":true}]}}